{"id":2806,"date":"2017-04-12T21:57:32","date_gmt":"2017-04-12T19:57:32","guid":{"rendered":"http:\/\/www.pasticciando.it\/?p=2806"},"modified":"2017-08-07T18:12:28","modified_gmt":"2017-08-07T16:12:28","slug":"la-mia-avventura-con-il-m-iginio-massari-e-lo-staff-di-sky1","status":"publish","type":"post","link":"https:\/\/www.pasticciando.it\/?p=2806","title":{"rendered":"La mia avventura con il M\u00b0 Iginio Massari e lo staff di Sky1"},"content":{"rendered":"<p style=\"text-align: justify;\">Chi lo avrebbe mai detto che avrei conosciuto il numero uno dei maestri pasticceri e per di pi\u00f9 partecipando in prima persona ad uno show televisivo?<br \/>\nTutto inizi\u00f2 per caso, venendo a conoscenza tramite la mia collega Anna dell&#8217;apertura delle selezioni da parte di Sky TV per un nuovo format dedicato alla pasticceria amatoriale dal titolo &#8220;<strong><em>Iginio Massari The Sweetman<\/em><\/strong>&#8220;.<br \/>\nDevo essere sincero, non ero certo se inviare o meno la mia candidatura ma alla fine la curiosit\u00e0 di conoscere personalmente il maestro Iginio Massari e la voglia di misurare le mie ambizioni e capacit\u00e0 hanno avuto la meglio. Volere \u00e8 potere!<\/p>\n<p style=\"text-align: justify;\">Con mio grande stupore nel giro di pochi giorni venni contattato dalla redazione del programma: nel giro di poche telefonate avvenute nei giorni successivi, dopo l&#8217;invio di un mio video di presentazione della durata di un paio di minuti, iniziai a prendere coscienza che la redazione stesse davvero valutando il fatto che potessi fare al caso loro. Proposi quindi diversi miei cavalli di battaglia come dolci e alla fine fu scelta la mia &#8220;<strong>torta di carote<\/strong>&#8221; che, come potrete vedere nella puntata e che spero di poter presto postare, presenta una variante rispetto alla <a href=\"http:\/\/www.pasticciando.it\/?p=1906\">ricetta<\/a> pubblicata sul mio sito. Volete sapere quale? Non vi resta che scoprirlo da soli!<\/p>\n<p style=\"text-align: justify;\"><img loading=\"lazy\" decoding=\"async\" class=\"alignnone wp-image-2880\" src=\"http:\/\/www.pasticciando.it\/wp-content\/uploads\/2017\/03\/Iginio-Massari-e-la-Carrot-Cake-di-Charles.jpg\" alt=\"Iginio Massari e la Carrot Cake di Charles\" width=\"706\" height=\"427\" srcset=\"https:\/\/www.pasticciando.it\/wp-content\/uploads\/2017\/03\/Iginio-Massari-e-la-Carrot-Cake-di-Charles.jpg 983w, https:\/\/www.pasticciando.it\/wp-content\/uploads\/2017\/03\/Iginio-Massari-e-la-Carrot-Cake-di-Charles-300x181.jpg 300w, https:\/\/www.pasticciando.it\/wp-content\/uploads\/2017\/03\/Iginio-Massari-e-la-Carrot-Cake-di-Charles-768x464.jpg 768w\" sizes=\"auto, (max-width: 706px) 100vw, 706px\" \/><\/p>\n<p style=\"text-align: justify;\">L&#8217;adrenalina e la tensione aumentavano constantemente con l&#8217;avvicinarsi del giorno delle riprese, ma il costante incoraggiamento e supporto da parte di amici, colleghi e delle persone a me pi\u00f9 care hanno rappresentato la giusta medicina per superare qualsiasi timore. Vedere cos\u00ec tanta gente credere in me e sostenermi \u00e8 stato motivo di grande orgoglio facendo scattare quella molla in grado di fare la differenza difronte alle telecamere televisive.<\/p>\n<p style=\"text-align: justify;\"><strong>Il giorno delle riprese televisive:<\/strong><\/p>\n<p style=\"text-align: justify;\">La mia convocazione per le riprese fu fissata\u00a0di mattina presto: essere il primo concorrente della giornata non mi dispiaceva affatto. Quando arrivai davanti all&#8217;ingresso del locale fui accolto da una simpaticissima ragazza che mi anticip\u00f2 alcune informazioni e mi offr\u00ec un buon caff\u00e9. La preparazione alle riprese fu davvero impeccabile: una truccatrice si prese cura del mio aspetto, poi venne il turno di cameramen e fonici; solo in quell&#8217;istante mi resi davvero conto che era tutto vero. Stavo per andare in TV!<\/p>\n<p style=\"text-align: justify;\"><strong>Ciak! si gira:<br \/>\n<img loading=\"lazy\" decoding=\"async\" class=\"wp-image-2883 alignleft\" src=\"http:\/\/www.pasticciando.it\/wp-content\/uploads\/2017\/03\/The-Sweetman-Iginio-Massari.jpg\" alt=\"The Sweetman Iginio Massari\" width=\"228\" height=\"148\" \/><\/strong>Certamente uno dei momenti indelebili di questa mia fantastica esperienza fu rappresentato dall&#8217;ingresso del M\u00b0 Iginio Massari in studio, il quale si present\u00f2 con un sacchetto di gianduiotti per lo staff: superati quindi i convenevoli del caso iniziammo la registrazione.<br \/>\nChe emozione ritrovarsi a fare una torta con il numero uno dei pasticceri italiani (e non solo) ad assistermi: rimasi davvero sorpreso da come riuscii a sentirmi a mio agio grazie soprattutto al senso paterno e responsabile che il maestro Massari mi trasmetteva oltre che alla sua spiccata predisposizione didattica. Altra cosa che apprezzai moltissimo fu il suo senso dello humor mischiato ai suoi saggi consigli. \ud83d\ude42<\/p>\n<p style=\"text-align: justify;\"><strong>I giorni seguenti: la visita alla pasticceria del M\u00b0 Iginio Massari:<br \/>\n<\/strong><\/p>\n<p style=\"text-align: justify;\">Nei giorni successivi alla registrazione era davvero tanta la curiosit\u00e0 di vedermi protagonista del piccolo schermo. Decisi quindi dopo qualche settimana di spezzare l&#8217;attesa visitando la citt\u00e0 natale del maestro. Mi recai a Brescia in compagnia di Luca, visitando la piccola cittadina lombarda in mattinata e recandomi poi nel pomeriggio alla pasticceria del maestro: la storica &#8220;Pasticceria Veneto&#8221;. All&#8217;ingresso notai subito i numerosi premi, medaglie, riconoscimenti e coppe conferite al maestro nel corso della sua splendida carriera. Ovviamente non potei resistere dal gustarmi due monoporzioni di dolci che mi colpirono per la loro forma e colore ma soprattutto per la straordinaria alchimia di sapori. Per farla breve: una vera goduria!<br \/>\nLa &#8220;Pasticceria Veneto&#8221; venne inaugurata nel 1971 e qui Iginio Massari ha creato il suo laboratorio, o meglio il suo studio di artista della pasticceria, dove da sempre d\u00e0 vita a dolci capolavori, da ammirare prima e poi da gustare.<br \/>\nL\u2019armonia del gusto, guida l\u2019ispirazione creativa. La famiglia Massari, fa viaggiare i clienti nel mondo delle emozioni del palato. Specialit\u00e0 nazionali ed internazionali: cornetti, panettoni, bussol\u00e0, biscotti, torte tradizionali ed innovative, vasta gamma di cioccolato e cioccolatini.<br \/>\nPer ulteriori informazioni potete andare sul sito: <a href=\"https:\/\/www.iginiomassari.it\/pasticceria-veneto\/\">https:\/\/www.iginiomassari.it\/pasticceria-veneto\/<\/a><\/p>\n<p><iframe loading=\"lazy\" width=\"980\" height=\"551\" src=\"https:\/\/www.youtube.com\/embed\/zc4F89Ng6H0?feature=oembed\" frameborder=\"0\" allowfullscreen><\/iframe><\/p>\n<p style=\"text-align: justify;\"><strong>La mia Carrot Cake \u00e8 stata apprezzata dal Maestro?<br \/>\n<\/strong><\/p>\n<p style=\"text-align: justify;\"><img loading=\"lazy\" decoding=\"async\" class=\"wp-image-2882 alignleft\" src=\"http:\/\/www.pasticciando.it\/wp-content\/uploads\/2017\/03\/Premiato-da-Iginio-Massari.jpg\" alt=\"Premiato da Iginio Massari\" width=\"336\" height=\"233\" srcset=\"https:\/\/www.pasticciando.it\/wp-content\/uploads\/2017\/03\/Premiato-da-Iginio-Massari.jpg 500w, https:\/\/www.pasticciando.it\/wp-content\/uploads\/2017\/03\/Premiato-da-Iginio-Massari-300x208.jpg 300w\" sizes=\"auto, (max-width: 336px) 100vw, 336px\" \/><\/p>\n<p style=\"text-align: justify;\">Ebbene siii!! \ud83d\ude42 Non potete capire che emozione essere stato premiato con il &#8220;cappellone&#8221; da pasticcere dal maestro Iginio Massari.<br \/>\nUn&#8217;emozione indescrivibile che non ha fatto altro che rafforzare la mia forte ambizione e con l&#8217;incoraggiamento di credere di pi\u00f9 in me stesso. Una spinta a migliorare e a sperimentare la creativit\u00e0 in quel fantastico mondo che \u00e8 la pasticceria.<\/p>\n<p style=\"text-align: justify;\"><img loading=\"lazy\" decoding=\"async\" class=\"alignnone wp-image-2961\" src=\"http:\/\/www.pasticciando.it\/wp-content\/uploads\/2017\/04\/Charles-in-The-Sweetman-Sky1.jpg\" alt=\"Charles in The Sweetman Sky1\" width=\"556\" height=\"298\" srcset=\"https:\/\/www.pasticciando.it\/wp-content\/uploads\/2017\/04\/Charles-in-The-Sweetman-Sky1.jpg 1014w, https:\/\/www.pasticciando.it\/wp-content\/uploads\/2017\/04\/Charles-in-The-Sweetman-Sky1-300x161.jpg 300w, https:\/\/www.pasticciando.it\/wp-content\/uploads\/2017\/04\/Charles-in-The-Sweetman-Sky1-768x411.jpg 768w\" sizes=\"auto, (max-width: 556px) 100vw, 556px\" \/><\/p>\n<div class=\"pvc_clear\"><\/div>\n<p id=\"pvc_stats_2806\" class=\"pvc_stats all  \" data-element-id=\"2806\" style=\"\"><i class=\"pvc-stats-icon small\" aria-hidden=\"true\"><svg aria-hidden=\"true\" focusable=\"false\" data-prefix=\"far\" data-icon=\"chart-bar\" role=\"img\" xmlns=\"http:\/\/www.w3.org\/2000\/svg\" viewBox=\"0 0 512 512\" class=\"svg-inline--fa fa-chart-bar fa-w-16 fa-2x\"><path fill=\"currentColor\" d=\"M396.8 352h22.4c6.4 0 12.8-6.4 12.8-12.8V108.8c0-6.4-6.4-12.8-12.8-12.8h-22.4c-6.4 0-12.8 6.4-12.8 12.8v230.4c0 6.4 6.4 12.8 12.8 12.8zm-192 0h22.4c6.4 0 12.8-6.4 12.8-12.8V140.8c0-6.4-6.4-12.8-12.8-12.8h-22.4c-6.4 0-12.8 6.4-12.8 12.8v198.4c0 6.4 6.4 12.8 12.8 12.8zm96 0h22.4c6.4 0 12.8-6.4 12.8-12.8V204.8c0-6.4-6.4-12.8-12.8-12.8h-22.4c-6.4 0-12.8 6.4-12.8 12.8v134.4c0 6.4 6.4 12.8 12.8 12.8zM496 400H48V80c0-8.84-7.16-16-16-16H16C7.16 64 0 71.16 0 80v336c0 17.67 14.33 32 32 32h464c8.84 0 16-7.16 16-16v-16c0-8.84-7.16-16-16-16zm-387.2-48h22.4c6.4 0 12.8-6.4 12.8-12.8v-70.4c0-6.4-6.4-12.8-12.8-12.8h-22.4c-6.4 0-12.8 6.4-12.8 12.8v70.4c0 6.4 6.4 12.8 12.8 12.8z\" class=\"\"><\/path><\/svg><\/i> <img loading=\"lazy\" decoding=\"async\" width=\"16\" height=\"16\" alt=\"Loading\" src=\"https:\/\/www.pasticciando.it\/wp-content\/plugins\/page-views-count\/ajax-loader-2x.gif\" border=0 \/><\/p>\n<div class=\"pvc_clear\"><\/div>\n<div class=\"pdfprnt-buttons pdfprnt-buttons-post pdfprnt-bottom-right\"><a href=\"https:\/\/www.pasticciando.it\/index.php?rest_route=%2Fwp%2Fv2%2Fposts%2F2806&print=pdf\" class=\"pdfprnt-button pdfprnt-button-pdf\" target=\"_blank\" ><img decoding=\"async\" src=\"https:\/\/www.pasticciando.it\/wp-content\/plugins\/pdf-print\/images\/pdf.png\" alt=\"image_pdf\" title=\"Visualizza PDF\" \/><\/a><a href=\"https:\/\/www.pasticciando.it\/index.php?rest_route=%2Fwp%2Fv2%2Fposts%2F2806&print=print\" class=\"pdfprnt-button pdfprnt-button-print\" target=\"_blank\" ><img decoding=\"async\" src=\"https:\/\/www.pasticciando.it\/wp-content\/plugins\/pdf-print\/images\/print.png\" alt=\"image_print\" title=\"Stampa contenuto\" \/><\/a><\/div>","protected":false},"excerpt":{"rendered":"<p>Chi lo avrebbe mai detto che avrei conosciuto il numero uno dei maestri pasticceri e per di pi\u00f9 partecipando in prima persona ad uno show televisivo? Tutto inizi\u00f2 per caso, venendo a conoscenza tramite la mia collega Anna dell&#8217;apertura delle selezioni da parte di Sky TV per un nuovo format dedicato alla pasticceria amatoriale dal&nbsp;&hellip;<\/p>\n<div class=\"pvc_clear\"><\/div>\n<p id=\"pvc_stats_2806\" class=\"pvc_stats all  \" data-element-id=\"2806\" style=\"\"><i class=\"pvc-stats-icon small\" aria-hidden=\"true\"><svg aria-hidden=\"true\" focusable=\"false\" data-prefix=\"far\" data-icon=\"chart-bar\" role=\"img\" xmlns=\"http:\/\/www.w3.org\/2000\/svg\" viewBox=\"0 0 512 512\" class=\"svg-inline--fa fa-chart-bar fa-w-16 fa-2x\"><path fill=\"currentColor\" d=\"M396.8 352h22.4c6.4 0 12.8-6.4 12.8-12.8V108.8c0-6.4-6.4-12.8-12.8-12.8h-22.4c-6.4 0-12.8 6.4-12.8 12.8v230.4c0 6.4 6.4 12.8 12.8 12.8zm-192 0h22.4c6.4 0 12.8-6.4 12.8-12.8V140.8c0-6.4-6.4-12.8-12.8-12.8h-22.4c-6.4 0-12.8 6.4-12.8 12.8v198.4c0 6.4 6.4 12.8 12.8 12.8zm96 0h22.4c6.4 0 12.8-6.4 12.8-12.8V204.8c0-6.4-6.4-12.8-12.8-12.8h-22.4c-6.4 0-12.8 6.4-12.8 12.8v134.4c0 6.4 6.4 12.8 12.8 12.8zM496 400H48V80c0-8.84-7.16-16-16-16H16C7.16 64 0 71.16 0 80v336c0 17.67 14.33 32 32 32h464c8.84 0 16-7.16 16-16v-16c0-8.84-7.16-16-16-16zm-387.2-48h22.4c6.4 0 12.8-6.4 12.8-12.8v-70.4c0-6.4-6.4-12.8-12.8-12.8h-22.4c-6.4 0-12.8 6.4-12.8 12.8v70.4c0 6.4 6.4 12.8 12.8 12.8z\" class=\"\"><\/path><\/svg><\/i> <img loading=\"lazy\" decoding=\"async\" width=\"16\" height=\"16\" alt=\"Loading\" src=\"https:\/\/www.pasticciando.it\/wp-content\/plugins\/page-views-count\/ajax-loader-2x.gif\" border=0 \/><\/p>\n<div class=\"pvc_clear\"><\/div>\n","protected":false},"author":1,"featured_media":2879,"comment_status":"closed","ping_status":"closed","sticky":false,"template":"","format":"standard","meta":{"footnotes":""},"categories":[20,5],"tags":[],"class_list":["post-2806","post","type-post","status-publish","format-standard","has-post-thumbnail","hentry","category-eventi","category-sweet-news"],"yoast_head":"<!-- This site is optimized with the Yoast SEO plugin v26.6 - https:\/\/yoast.com\/wordpress\/plugins\/seo\/ -->\n<title>La mia avventura con il M\u00b0 Iginio Massari e lo staff di Sky1 - PASTICCIANDO.IT<\/title>\n<meta name=\"robots\" content=\"index, follow, max-snippet:-1, max-image-preview:large, max-video-preview:-1\" \/>\n<link rel=\"canonical\" href=\"https:\/\/www.pasticciando.it\/?p=2806\" \/>\n<meta property=\"og:locale\" content=\"it_IT\" \/>\n<meta property=\"og:type\" content=\"article\" \/>\n<meta property=\"og:title\" content=\"La mia avventura con il M\u00b0 Iginio Massari e lo staff di Sky1 - PASTICCIANDO.IT\" \/>\n<meta property=\"og:description\" content=\"Chi lo avrebbe mai detto che avrei conosciuto il numero uno dei maestri pasticceri e per di pi\u00f9 partecipando in prima persona ad uno show televisivo? Tutto inizi\u00f2 per caso, venendo a conoscenza tramite la mia collega Anna dell&#8217;apertura delle selezioni da parte di Sky TV per un nuovo format dedicato alla pasticceria amatoriale dal&nbsp;&hellip;\" \/>\n<meta property=\"og:url\" content=\"https:\/\/www.pasticciando.it\/?p=2806\" \/>\n<meta property=\"og:site_name\" content=\"PASTICCIANDO.IT\" \/>\n<meta property=\"article:publisher\" content=\"https:\/\/www.facebook.com\/pasticciandoconcharles\" \/>\n<meta property=\"article:author\" content=\"https:\/\/www.facebook.com\/pasticciandoconcharles\" \/>\n<meta property=\"article:published_time\" content=\"2017-04-12T19:57:32+00:00\" \/>\n<meta property=\"article:modified_time\" content=\"2017-08-07T16:12:28+00:00\" \/>\n<meta property=\"og:image\" content=\"https:\/\/www.pasticciando.it\/wp-content\/uploads\/2017\/03\/Iginio-Massari-e-Charles_Carrot-Cake2.jpg\" \/>\n\t<meta property=\"og:image:width\" content=\"530\" \/>\n\t<meta property=\"og:image:height\" content=\"313\" \/>\n\t<meta property=\"og:image:type\" content=\"image\/jpeg\" \/>\n<meta name=\"author\" content=\"Charles\" \/>\n<meta name=\"twitter:card\" content=\"summary_large_image\" \/>\n<meta name=\"twitter:label1\" content=\"Scritto da\" \/>\n\t<meta name=\"twitter:data1\" content=\"Charles\" \/>\n\t<meta name=\"twitter:label2\" content=\"Tempo di lettura stimato\" \/>\n\t<meta name=\"twitter:data2\" content=\"4 minuti\" \/>\n<script type=\"application\/ld+json\" class=\"yoast-schema-graph\">{\"@context\":\"https:\/\/schema.org\",\"@graph\":[{\"@type\":\"Article\",\"@id\":\"https:\/\/www.pasticciando.it\/?p=2806#article\",\"isPartOf\":{\"@id\":\"https:\/\/www.pasticciando.it\/?p=2806\"},\"author\":{\"name\":\"Charles\",\"@id\":\"https:\/\/www.pasticciando.it\/#\/schema\/person\/cf7b2f448e4b04d3bb72f7c278d9e5d6\"},\"headline\":\"La mia avventura con il M\u00b0 Iginio Massari e lo staff di Sky1\",\"datePublished\":\"2017-04-12T19:57:32+00:00\",\"dateModified\":\"2017-08-07T16:12:28+00:00\",\"mainEntityOfPage\":{\"@id\":\"https:\/\/www.pasticciando.it\/?p=2806\"},\"wordCount\":786,\"publisher\":{\"@id\":\"https:\/\/www.pasticciando.it\/#\/schema\/person\/cf7b2f448e4b04d3bb72f7c278d9e5d6\"},\"image\":{\"@id\":\"https:\/\/www.pasticciando.it\/?p=2806#primaryimage\"},\"thumbnailUrl\":\"https:\/\/www.pasticciando.it\/wp-content\/uploads\/2017\/03\/Iginio-Massari-e-Charles_Carrot-Cake2.jpg\",\"articleSection\":[\"Eventi\",\"Sweet News\"],\"inLanguage\":\"it-IT\"},{\"@type\":\"WebPage\",\"@id\":\"https:\/\/www.pasticciando.it\/?p=2806\",\"url\":\"https:\/\/www.pasticciando.it\/?p=2806\",\"name\":\"La mia avventura con il M\u00b0 Iginio Massari e lo staff di Sky1 - PASTICCIANDO.IT\",\"isPartOf\":{\"@id\":\"https:\/\/www.pasticciando.it\/#website\"},\"primaryImageOfPage\":{\"@id\":\"https:\/\/www.pasticciando.it\/?p=2806#primaryimage\"},\"image\":{\"@id\":\"https:\/\/www.pasticciando.it\/?p=2806#primaryimage\"},\"thumbnailUrl\":\"https:\/\/www.pasticciando.it\/wp-content\/uploads\/2017\/03\/Iginio-Massari-e-Charles_Carrot-Cake2.jpg\",\"datePublished\":\"2017-04-12T19:57:32+00:00\",\"dateModified\":\"2017-08-07T16:12:28+00:00\",\"breadcrumb\":{\"@id\":\"https:\/\/www.pasticciando.it\/?p=2806#breadcrumb\"},\"inLanguage\":\"it-IT\",\"potentialAction\":[{\"@type\":\"ReadAction\",\"target\":[\"https:\/\/www.pasticciando.it\/?p=2806\"]}]},{\"@type\":\"ImageObject\",\"inLanguage\":\"it-IT\",\"@id\":\"https:\/\/www.pasticciando.it\/?p=2806#primaryimage\",\"url\":\"https:\/\/www.pasticciando.it\/wp-content\/uploads\/2017\/03\/Iginio-Massari-e-Charles_Carrot-Cake2.jpg\",\"contentUrl\":\"https:\/\/www.pasticciando.it\/wp-content\/uploads\/2017\/03\/Iginio-Massari-e-Charles_Carrot-Cake2.jpg\",\"width\":530,\"height\":313},{\"@type\":\"BreadcrumbList\",\"@id\":\"https:\/\/www.pasticciando.it\/?p=2806#breadcrumb\",\"itemListElement\":[{\"@type\":\"ListItem\",\"position\":1,\"name\":\"Home\",\"item\":\"https:\/\/www.pasticciando.it\/\"},{\"@type\":\"ListItem\",\"position\":2,\"name\":\"La mia avventura con il M\u00b0 Iginio Massari e lo staff di Sky1\"}]},{\"@type\":\"WebSite\",\"@id\":\"https:\/\/www.pasticciando.it\/#website\",\"url\":\"https:\/\/www.pasticciando.it\/\",\"name\":\"PASTICCIANDO.IT\",\"description\":\"La vita \u00e8 un pasticcio... e non \u00e8 mai stata cos\u00ec dolce!\",\"publisher\":{\"@id\":\"https:\/\/www.pasticciando.it\/#\/schema\/person\/cf7b2f448e4b04d3bb72f7c278d9e5d6\"},\"potentialAction\":[{\"@type\":\"SearchAction\",\"target\":{\"@type\":\"EntryPoint\",\"urlTemplate\":\"https:\/\/www.pasticciando.it\/?s={search_term_string}\"},\"query-input\":{\"@type\":\"PropertyValueSpecification\",\"valueRequired\":true,\"valueName\":\"search_term_string\"}}],\"inLanguage\":\"it-IT\"},{\"@type\":[\"Person\",\"Organization\"],\"@id\":\"https:\/\/www.pasticciando.it\/#\/schema\/person\/cf7b2f448e4b04d3bb72f7c278d9e5d6\",\"name\":\"Charles\",\"image\":{\"@type\":\"ImageObject\",\"inLanguage\":\"it-IT\",\"@id\":\"https:\/\/www.pasticciando.it\/#\/schema\/person\/image\/\",\"url\":\"http:\/\/www.pasticciando.it\/wp-content\/uploads\/2017\/03\/Logo-Pasticciando-144px.png\",\"contentUrl\":\"http:\/\/www.pasticciando.it\/wp-content\/uploads\/2017\/03\/Logo-Pasticciando-144px.png\",\"width\":144,\"height\":128,\"caption\":\"Charles\"},\"logo\":{\"@id\":\"https:\/\/www.pasticciando.it\/#\/schema\/person\/image\/\"},\"sameAs\":[\"http:\/\/www.pasticciando.it\",\"https:\/\/www.facebook.com\/pasticciandoconcharles\",\"https:\/\/www.instagram.com\/pasticciando.it\/\"],\"url\":\"https:\/\/www.pasticciando.it\/?author=1\"}]}<\/script>\n<!-- \/ Yoast SEO plugin. -->","yoast_head_json":{"title":"La mia avventura con il M\u00b0 Iginio Massari e lo staff di Sky1 - PASTICCIANDO.IT","robots":{"index":"index","follow":"follow","max-snippet":"max-snippet:-1","max-image-preview":"max-image-preview:large","max-video-preview":"max-video-preview:-1"},"canonical":"https:\/\/www.pasticciando.it\/?p=2806","og_locale":"it_IT","og_type":"article","og_title":"La mia avventura con il M\u00b0 Iginio Massari e lo staff di Sky1 - PASTICCIANDO.IT","og_description":"Chi lo avrebbe mai detto che avrei conosciuto il numero uno dei maestri pasticceri e per di pi\u00f9 partecipando in prima persona ad uno show televisivo? Tutto inizi\u00f2 per caso, venendo a conoscenza tramite la mia collega Anna dell&#8217;apertura delle selezioni da parte di Sky TV per un nuovo format dedicato alla pasticceria amatoriale dal&nbsp;&hellip;","og_url":"https:\/\/www.pasticciando.it\/?p=2806","og_site_name":"PASTICCIANDO.IT","article_publisher":"https:\/\/www.facebook.com\/pasticciandoconcharles","article_author":"https:\/\/www.facebook.com\/pasticciandoconcharles","article_published_time":"2017-04-12T19:57:32+00:00","article_modified_time":"2017-08-07T16:12:28+00:00","og_image":[{"width":530,"height":313,"url":"https:\/\/www.pasticciando.it\/wp-content\/uploads\/2017\/03\/Iginio-Massari-e-Charles_Carrot-Cake2.jpg","type":"image\/jpeg"}],"author":"Charles","twitter_card":"summary_large_image","twitter_misc":{"Scritto da":"Charles","Tempo di lettura stimato":"4 minuti"},"schema":{"@context":"https:\/\/schema.org","@graph":[{"@type":"Article","@id":"https:\/\/www.pasticciando.it\/?p=2806#article","isPartOf":{"@id":"https:\/\/www.pasticciando.it\/?p=2806"},"author":{"name":"Charles","@id":"https:\/\/www.pasticciando.it\/#\/schema\/person\/cf7b2f448e4b04d3bb72f7c278d9e5d6"},"headline":"La mia avventura con il M\u00b0 Iginio Massari e lo staff di Sky1","datePublished":"2017-04-12T19:57:32+00:00","dateModified":"2017-08-07T16:12:28+00:00","mainEntityOfPage":{"@id":"https:\/\/www.pasticciando.it\/?p=2806"},"wordCount":786,"publisher":{"@id":"https:\/\/www.pasticciando.it\/#\/schema\/person\/cf7b2f448e4b04d3bb72f7c278d9e5d6"},"image":{"@id":"https:\/\/www.pasticciando.it\/?p=2806#primaryimage"},"thumbnailUrl":"https:\/\/www.pasticciando.it\/wp-content\/uploads\/2017\/03\/Iginio-Massari-e-Charles_Carrot-Cake2.jpg","articleSection":["Eventi","Sweet News"],"inLanguage":"it-IT"},{"@type":"WebPage","@id":"https:\/\/www.pasticciando.it\/?p=2806","url":"https:\/\/www.pasticciando.it\/?p=2806","name":"La mia avventura con il M\u00b0 Iginio Massari e lo staff di Sky1 - PASTICCIANDO.IT","isPartOf":{"@id":"https:\/\/www.pasticciando.it\/#website"},"primaryImageOfPage":{"@id":"https:\/\/www.pasticciando.it\/?p=2806#primaryimage"},"image":{"@id":"https:\/\/www.pasticciando.it\/?p=2806#primaryimage"},"thumbnailUrl":"https:\/\/www.pasticciando.it\/wp-content\/uploads\/2017\/03\/Iginio-Massari-e-Charles_Carrot-Cake2.jpg","datePublished":"2017-04-12T19:57:32+00:00","dateModified":"2017-08-07T16:12:28+00:00","breadcrumb":{"@id":"https:\/\/www.pasticciando.it\/?p=2806#breadcrumb"},"inLanguage":"it-IT","potentialAction":[{"@type":"ReadAction","target":["https:\/\/www.pasticciando.it\/?p=2806"]}]},{"@type":"ImageObject","inLanguage":"it-IT","@id":"https:\/\/www.pasticciando.it\/?p=2806#primaryimage","url":"https:\/\/www.pasticciando.it\/wp-content\/uploads\/2017\/03\/Iginio-Massari-e-Charles_Carrot-Cake2.jpg","contentUrl":"https:\/\/www.pasticciando.it\/wp-content\/uploads\/2017\/03\/Iginio-Massari-e-Charles_Carrot-Cake2.jpg","width":530,"height":313},{"@type":"BreadcrumbList","@id":"https:\/\/www.pasticciando.it\/?p=2806#breadcrumb","itemListElement":[{"@type":"ListItem","position":1,"name":"Home","item":"https:\/\/www.pasticciando.it\/"},{"@type":"ListItem","position":2,"name":"La mia avventura con il M\u00b0 Iginio Massari e lo staff di Sky1"}]},{"@type":"WebSite","@id":"https:\/\/www.pasticciando.it\/#website","url":"https:\/\/www.pasticciando.it\/","name":"PASTICCIANDO.IT","description":"La vita \u00e8 un pasticcio... e non \u00e8 mai stata cos\u00ec dolce!","publisher":{"@id":"https:\/\/www.pasticciando.it\/#\/schema\/person\/cf7b2f448e4b04d3bb72f7c278d9e5d6"},"potentialAction":[{"@type":"SearchAction","target":{"@type":"EntryPoint","urlTemplate":"https:\/\/www.pasticciando.it\/?s={search_term_string}"},"query-input":{"@type":"PropertyValueSpecification","valueRequired":true,"valueName":"search_term_string"}}],"inLanguage":"it-IT"},{"@type":["Person","Organization"],"@id":"https:\/\/www.pasticciando.it\/#\/schema\/person\/cf7b2f448e4b04d3bb72f7c278d9e5d6","name":"Charles","image":{"@type":"ImageObject","inLanguage":"it-IT","@id":"https:\/\/www.pasticciando.it\/#\/schema\/person\/image\/","url":"http:\/\/www.pasticciando.it\/wp-content\/uploads\/2017\/03\/Logo-Pasticciando-144px.png","contentUrl":"http:\/\/www.pasticciando.it\/wp-content\/uploads\/2017\/03\/Logo-Pasticciando-144px.png","width":144,"height":128,"caption":"Charles"},"logo":{"@id":"https:\/\/www.pasticciando.it\/#\/schema\/person\/image\/"},"sameAs":["http:\/\/www.pasticciando.it","https:\/\/www.facebook.com\/pasticciandoconcharles","https:\/\/www.instagram.com\/pasticciando.it\/"],"url":"https:\/\/www.pasticciando.it\/?author=1"}]}},"_links":{"self":[{"href":"https:\/\/www.pasticciando.it\/index.php?rest_route=\/wp\/v2\/posts\/2806","targetHints":{"allow":["GET"]}}],"collection":[{"href":"https:\/\/www.pasticciando.it\/index.php?rest_route=\/wp\/v2\/posts"}],"about":[{"href":"https:\/\/www.pasticciando.it\/index.php?rest_route=\/wp\/v2\/types\/post"}],"author":[{"embeddable":true,"href":"https:\/\/www.pasticciando.it\/index.php?rest_route=\/wp\/v2\/users\/1"}],"replies":[{"embeddable":true,"href":"https:\/\/www.pasticciando.it\/index.php?rest_route=%2Fwp%2Fv2%2Fcomments&post=2806"}],"version-history":[{"count":31,"href":"https:\/\/www.pasticciando.it\/index.php?rest_route=\/wp\/v2\/posts\/2806\/revisions"}],"predecessor-version":[{"id":2973,"href":"https:\/\/www.pasticciando.it\/index.php?rest_route=\/wp\/v2\/posts\/2806\/revisions\/2973"}],"wp:featuredmedia":[{"embeddable":true,"href":"https:\/\/www.pasticciando.it\/index.php?rest_route=\/wp\/v2\/media\/2879"}],"wp:attachment":[{"href":"https:\/\/www.pasticciando.it\/index.php?rest_route=%2Fwp%2Fv2%2Fmedia&parent=2806"}],"wp:term":[{"taxonomy":"category","embeddable":true,"href":"https:\/\/www.pasticciando.it\/index.php?rest_route=%2Fwp%2Fv2%2Fcategories&post=2806"},{"taxonomy":"post_tag","embeddable":true,"href":"https:\/\/www.pasticciando.it\/index.php?rest_route=%2Fwp%2Fv2%2Ftags&post=2806"}],"curies":[{"name":"wp","href":"https:\/\/api.w.org\/{rel}","templated":true}]}}