{"id":4474,"date":"2018-12-10T22:45:51","date_gmt":"2018-12-10T20:45:51","guid":{"rendered":"http:\/\/www.pasticciando.it\/?p=4474"},"modified":"2018-12-10T23:09:21","modified_gmt":"2018-12-10T21:09:21","slug":"visitando-la-magica-vienna-alla-scoperta-della-sachertorte-e-dello-strudel","status":"publish","type":"post","link":"https:\/\/www.pasticciando.it\/?p=4474","title":{"rendered":"Visitando la magica Vienna alla scoperta della Sachertorte e dello Strudel"},"content":{"rendered":"\n<p>Era la prima volta che visitavo Vienna e devo dire che sono rimasto affascinato dall&#8217;atmosfera che si respira e dalla tanta bellezza che la sua storia, con la sua arte e la sua cultura, avvolge la capitale austriaca. Anche per quest&#8217;anno la nostra tappa invernale ci ha portato a scegliere una fredda capitale europea. Il suo patrimonio artistico e intellettuale si \u00e8 formato grazie all&#8217;influenza di personalit\u00e0 come Mozart, Beethoven e Sigmunt Freud, che vissero nella citt\u00e0. Vienna \u00e8 conosciuta anche per i palazzi imperiali come Sch\u00f6nbrunn, la residenza estiva degli Asburgo. E che dire dell&#8217;area del MuseumsQuartier che ospita edifici storici e contemporanei dove sono esposte opere di Egon Schiele, Gustav Klimt e tanti altri artisti.<\/p>\n\n\n\n<p>Quest&#8217;anno volevo a tutti i costi assaporare la magia dei suoi mercatini di Natale, ben 4 differenti zone dove potersi immergere nella piena atmosfera natalizia, gustando i prodotti locali. Ma certamente, un appassionato di dolci come me, non poteva farsi mancare la degustazione di due dolci famosi in tutto il mondo e che sono: la Sachertorte e lo Strudel.<\/p>\n\n\n\n<h3 class=\"wp-block-heading\"><strong>Lo Strudel<\/strong><\/h3>\n\n\n\n<div class=\"wp-block-image\"><figure class=\"aligncenter\"><img loading=\"lazy\" decoding=\"async\" width=\"600\" height=\"385\" src=\"http:\/\/www.pasticciando.it\/wp-content\/uploads\/2018\/12\/The-Strudelshow-in-Wien_3.jpg\" alt=\"\" class=\"wp-image-4501\" srcset=\"https:\/\/www.pasticciando.it\/wp-content\/uploads\/2018\/12\/The-Strudelshow-in-Wien_3.jpg 600w, https:\/\/www.pasticciando.it\/wp-content\/uploads\/2018\/12\/The-Strudelshow-in-Wien_3-300x193.jpg 300w\" sizes=\"auto, (max-width: 600px) 100vw, 600px\" \/><\/figure><\/div>\n\n\n\n<p>Se vi capita di venire a Vienna, una delle tappe obbligate per poter conoscere ed assaporare il vero Strudel \u00e8 presso la caffetteria &#8220;Hofbackstube Sch\u00f6nbrunn&#8221;, situata nell&#8217;omonimo complesso dove risiedette la Principessa Sissi. <\/p>\n\n\n\n<div class=\"wp-block-image\"><figure class=\"alignleft\"><img loading=\"lazy\" decoding=\"async\" width=\"300\" height=\"216\" src=\"http:\/\/www.pasticciando.it\/wp-content\/uploads\/2018\/12\/The-Strudelshow-in-Wien_1.jpg\" alt=\"\" class=\"wp-image-4502\"\/><\/figure><\/div>\n\n\n\n<p>Qui con cadenza oraria, dalle 11 in poi, \u00e8 possibile assistere ad un vero e proprio &#8220;Strudelshow&#8221;, tenuto dal proprietario il quale vi mostrer\u00e0 passo dopo passo tutte le fasi di preparazione e realizzazione di un vero strudel a regola d&#8217;arte.&nbsp;<br><br>Alla fine dello show \u00e8 possibile porre domande e curiosit\u00e0.&nbsp;<br>Ci\u00f2 che mi ha stupito pi\u00f9 di tutto \u00e8 la loro maneggevolezza con la pasta, tirata sottile ma talmente sottile che era possibile leggere attraverso. Inoltre l&#8217;elasticit\u00e0 della stessa, cos\u00ec malleabile con il minimo rischio di rottura. Per non parlare poi del ripieno e dell&#8217;utilizzo del Rhum all&#8217;80%. Insomma, fu per me un&#8217;evento unico ed emozionante che mi ha dato modo di capire ed approfondire la ricetta di questo meraviglioso dolce<\/p>\n\n\n\n<div class=\"wp-block-image\"><figure class=\"aligncenter\"><img loading=\"lazy\" decoding=\"async\" width=\"400\" height=\"318\" src=\"http:\/\/www.pasticciando.it\/wp-content\/uploads\/2018\/12\/The-Strudelshow-in-Wien_2.jpg\" alt=\"\" class=\"wp-image-4503\" srcset=\"https:\/\/www.pasticciando.it\/wp-content\/uploads\/2018\/12\/The-Strudelshow-in-Wien_2.jpg 400w, https:\/\/www.pasticciando.it\/wp-content\/uploads\/2018\/12\/The-Strudelshow-in-Wien_2-300x239.jpg 300w\" sizes=\"auto, (max-width: 400px) 100vw, 400px\" \/><\/figure><\/div>\n\n\n\n<p><strong>Un p\u00f2 di storia:<\/strong><\/p>\n\n\n\n<p>La parola Strudel \u00e8 una parola germanica che significa \u201cvortice\u201d.&nbsp;<br>Lo strudel di mele \u00e8 senza dubbio la versione pi\u00f9 popolare. Tuttavia ne esistono delle altre: alla frutta, lo strudel di formaggio, lo strudel di noci e quello di pane. <br>Come per molti altri piatti anche lo strudel \u00e8 una fusione di diverse culture. La pasta usata \u00e8 una sfoglia sottile che fu inventata molto probabilmente dai turchi, anche se i greci spesso la rivendicano. I nomadi turchi avevano l\u2019ossessione di fare il pane a strati per emulare il buon pane lievitato di altri paesi. Il pane piatto e a strati veniva cotto su ciascun lato e poi imburrato ed aggiungevano la carne tritata e verdure. Gi\u00e0 nell\u2019XI secolo un dizionario dei dialetti turchi (Diwan Lughat al-Turk) parlava di un pane pieghettato o piegato. Nel tempo gli Chef si dilettarono nel rendere la pasta sempre pi\u00f9 sottile e a pi\u00f9 strati. L\u2019impasto filo cos\u00ec sottile come se fosse un tessuto fu probabilmente sviluppato dagli chef del Sultano Ottomano nel Palazzo Topkapi di Istanbul. L\u2019idea della pasta sottile si dice che arriv\u00f2 a Vienna attraverso la Turchia tra la fine del XV e il XVII secolo, molto probabilmente quando l\u2019Austria fu attaccata dagli Ottomani. L\u2019impasto turco e greco (Filo) \u00e8 molto diverso dall\u2019impasto viennese, poich\u00e8 l\u2019impasto dello strudel \u00e8 davvero sottilissimo, e mentre per la pasta Filo o Phyllo si utilizza un tocco di aceto. Secondo i panettieri austriaci l\u2019impasto dello strudel \u00e8 reso cos\u00ec sottile e insaporito dal frumento duro che in Ungheria ha un alto contenuto di glutine. Questo tipo d&#8217;impasto fu molto versatile e poteva essere usato per preparare una cena economica e soddisfacente con verdure e scarti ed arrotolata come nello stile americano \u201cjellyroll\u201d.<\/p>\n\n\n\n<p>Di seguito vi riporto la ricetta della Apfelstrudel (strudel di mele) concessaci dallo Strudelshow di Sch\u00f6nbrunn per la preparazione della sola pasta. Per le altre preparazioni (tipo la granella al burro e il <strong>ripieno<\/strong>) potete consultare la mia pagina dedicata cliccando <a href=\"http:\/\/www.pasticciando.it\/?p=4287\">QUI<\/a>.<\/p>\n\n\n\n<p><strong>Ricetta per la pasta dello Strudel<\/strong>:<\/p>\n\n\n\n<ul class=\"wp-block-list\"><li>250 gr di farina fine tipo 700 (di &#8220;tipo 1&#8221; nel caso nostro)<\/li><li>50 gr di uova<\/li><li>1 pizzico di sale<\/li><li>100 ml di acqua tiepida<\/li><li>20 gr di olio di semi di girasole<\/li><\/ul>\n\n\n\n<p><strong>Preparazione<\/strong>:<\/p>\n\n\n\n<p>Mescolare tutti gli ingredienti fino ad ottenere una pasta morbida e liscia che non si attacca alle mani e alla superficie di lavoro. Formare una palla, ungerla leggermente d&#8217;olio e lasciarla riposare per circa 30 minuti.<\/p>\n\n\n\n<p>Di seguito potete vedere uno stralcio del video che ho girato durante lo Strudelshow. Per ulteriori informazioni sulla preparazione potete visitare anche la mia pagina dedicata cliccando <a href=\"http:\/\/www.pasticciando.it\/?p=4287\">QUI<\/a>.<\/p>\n\n\n\n<figure class=\"wp-block-embed-youtube wp-block-embed is-type-video is-provider-youtube wp-embed-aspect-16-9 wp-has-aspect-ratio\"><div class=\"wp-block-embed__wrapper\">\n<iframe loading=\"lazy\" width=\"980\" height=\"551\" src=\"https:\/\/www.youtube.com\/embed\/4jg2gjYb-M8?feature=oembed\" frameborder=\"0\" allow=\"accelerometer; autoplay; encrypted-media; gyroscope; picture-in-picture\" allowfullscreen><\/iframe>\n<\/div><\/figure>\n\n\n\n<h3 class=\"wp-block-heading\"><strong>La Sachertorte<\/strong><\/h3>\n\n\n\n<div class=\"wp-block-image\"><figure class=\"aligncenter is-resized\"><img loading=\"lazy\" decoding=\"async\" src=\"http:\/\/www.pasticciando.it\/wp-content\/uploads\/2018\/12\/La-Sachertorte-in-Vienna_5.jpg\" alt=\"\" class=\"wp-image-4517\" width=\"491\" height=\"359\" srcset=\"https:\/\/www.pasticciando.it\/wp-content\/uploads\/2018\/12\/La-Sachertorte-in-Vienna_5.jpg 400w, https:\/\/www.pasticciando.it\/wp-content\/uploads\/2018\/12\/La-Sachertorte-in-Vienna_5-300x219.jpg 300w\" sizes=\"auto, (max-width: 491px) 100vw, 491px\" \/><\/figure><\/div>\n\n\n\n<p>Altro dolce divino, che dire! <br>Della Sacher avevo gi\u00e0 speso alcune parole in passato ma questa visita a Vienna mi ha dato l&#8217;opportunit\u00e0 di approfondire meglio la sua storia ed alcune curiosit\u00e0 celate dietro questo dolce.<\/p>\n\n\n\n<div class=\"wp-block-image\"><figure class=\"alignleft\"><img loading=\"lazy\" decoding=\"async\" width=\"400\" height=\"300\" src=\"http:\/\/www.pasticciando.it\/wp-content\/uploads\/2018\/12\/La-Sachertorte-in-Vienna_6_thetaste.jpg\" alt=\"\" class=\"wp-image-4518\" srcset=\"https:\/\/www.pasticciando.it\/wp-content\/uploads\/2018\/12\/La-Sachertorte-in-Vienna_6_thetaste.jpg 400w, https:\/\/www.pasticciando.it\/wp-content\/uploads\/2018\/12\/La-Sachertorte-in-Vienna_6_thetaste-300x225.jpg 300w\" sizes=\"auto, (max-width: 400px) 100vw, 400px\" \/><figcaption>La Sachertorte all&#8217;Hotel Sacher di Vienna. The best one!<\/figcaption><\/figure><\/div>\n\n\n\n<p>La prima volta che assaggiai una Sacher rimasi estasiato dalla combinazione della marmellata con una copertura al cioccolato divina che si scioglieva in bocca, uno sposalizio delicato e che sapeva di antico. Fu per me un rimbalzo nel tempo che fu. Mi immaginai come doveva essere all&#8217;epoca, quali sensazioni gustative avessero percepito chi prov\u00f2 per primi questa torta. Cosa sent\u00ec il principe austriaco?! ahah<br><\/p>\n\n\n\n<p><strong>Un p\u00f2 di storia:<\/strong><\/p>\n\n\n\n<p>Lo chef austriaco Franz Sacher invent\u00f2 questo dolce nel 19\u00b0 secolo, creando una ricetta semplice ma indulgente di una torta al cioccolato farcita con una sottile striscia di marmellata di albicocche che scorre nel mezzo.<br><\/p>\n\n\n\n<p>La Sachertorte si riconosce dalla sua lucentezza quasi a specchio, un disco pulito di cioccolato solido in cima. La torta si trova in tutta l&#8217;Austria, esposta orgogliosamente dietro i banconi di vetro delle pasticcerie. Una sachertorte \u00e8 solo una vera sachertorte se accompagnata da una porzione di crema o chantilly, che ne aiuta a contrastare la sua consistenza un p\u00f2 asciutta.<\/p>\n\n\n\n<p>La ricetta autentica \u00e8 un segreto prezioso e custodito, sviluppata nel 1832 da Franz Sacher, che all&#8217;et\u00e0 di 16 anni, all&#8217;epoca della sua creazione, lavorava come apprendista alla corte del principe Metternich. Si dice che il talentuoso giovane chef tir\u00f2 fuori dalla borsa la sua ricetta mentre era sotto pressione per creare un nuovo dolce per il principe e i suoi ospiti. La sachertorte nacque e divenne un successo immediato.<\/p>\n\n\n\n<p>Pi\u00f9 tardi, nel 1876, il figlio di Franz, Eduard Sacher, apr\u00ec una boutique d&#8217;hotel di lusso nel centro di Vienna ed era convinto che la torta creata dal suo amato padre avrebbe dovuto diventare il marchio di fabbrica dell&#8217;hotel, condividendo il nome di famiglia, per l&#8217;appunto &#8220;Hotel Sacher&#8221;.<\/p>\n\n\n\n<p>Esistono molte versioni contraffatte e nel XX secolo la torta \u00e8 stata coinvolta addirittura in una complessa battaglia legale tra l&#8217;Hotel Sacher e la Demel Bakery, in disputa per chi fosse il vero detentore del timbro di &#8220;The Original Sachertorte&#8221;. Alla fine, dopo una lunga e faticosa guerra, il caso fu risolto fuori dalla corte, con l&#8217;Hotel Sacher che alla fine ne usc\u00ec vittorioso quando gli furono concessi i diritti legali di &#8220;The Original Sachertorte&#8221;.<\/p>\n\n\n\n<ul class=\"wp-block-gallery columns-3 is-cropped wp-block-gallery-1 is-layout-flex wp-block-gallery-is-layout-flex\"><li class=\"blocks-gallery-item\"><figure><a href=\"http:\/\/www.pasticciando.it\/wp-content\/uploads\/2018\/12\/La-Sachertorte-in-Vienna_1.jpg\"><img loading=\"lazy\" decoding=\"async\" width=\"300\" height=\"225\" src=\"http:\/\/www.pasticciando.it\/wp-content\/uploads\/2018\/12\/La-Sachertorte-in-Vienna_1.jpg\" alt=\"\" data-id=\"4519\" data-link=\"http:\/\/www.pasticciando.it\/?attachment_id=4519\" class=\"wp-image-4519\"\/><\/a><\/figure><\/li><li class=\"blocks-gallery-item\"><figure><a href=\"http:\/\/www.pasticciando.it\/wp-content\/uploads\/2018\/12\/La-Sachertorte-in-Vienna_2.jpg\"><img loading=\"lazy\" decoding=\"async\" width=\"400\" height=\"410\" src=\"http:\/\/www.pasticciando.it\/wp-content\/uploads\/2018\/12\/La-Sachertorte-in-Vienna_2.jpg\" alt=\"\" data-id=\"4522\" data-link=\"http:\/\/www.pasticciando.it\/?attachment_id=4522\" class=\"wp-image-4522\" srcset=\"https:\/\/www.pasticciando.it\/wp-content\/uploads\/2018\/12\/La-Sachertorte-in-Vienna_2.jpg 400w, https:\/\/www.pasticciando.it\/wp-content\/uploads\/2018\/12\/La-Sachertorte-in-Vienna_2-293x300.jpg 293w\" sizes=\"auto, (max-width: 400px) 100vw, 400px\" \/><\/a><\/figure><\/li><li class=\"blocks-gallery-item\"><figure><a href=\"http:\/\/www.pasticciando.it\/wp-content\/uploads\/2018\/12\/La-Sachertorte-in-Vienna_3.jpg\"><img loading=\"lazy\" decoding=\"async\" width=\"400\" height=\"337\" src=\"http:\/\/www.pasticciando.it\/wp-content\/uploads\/2018\/12\/La-Sachertorte-in-Vienna_3.jpg\" alt=\"\" data-id=\"4523\" data-link=\"http:\/\/www.pasticciando.it\/?attachment_id=4523\" class=\"wp-image-4523\" srcset=\"https:\/\/www.pasticciando.it\/wp-content\/uploads\/2018\/12\/La-Sachertorte-in-Vienna_3.jpg 400w, https:\/\/www.pasticciando.it\/wp-content\/uploads\/2018\/12\/La-Sachertorte-in-Vienna_3-300x253.jpg 300w\" sizes=\"auto, (max-width: 400px) 100vw, 400px\" \/><\/a><\/figure><\/li><li class=\"blocks-gallery-item\"><figure><a href=\"http:\/\/www.pasticciando.it\/wp-content\/uploads\/2018\/12\/La-Sachertorte-in-Vienna_8.jpg\"><img loading=\"lazy\" decoding=\"async\" width=\"400\" height=\"279\" src=\"http:\/\/www.pasticciando.it\/wp-content\/uploads\/2018\/12\/La-Sachertorte-in-Vienna_8.jpg\" alt=\"\" data-id=\"4520\" data-link=\"http:\/\/www.pasticciando.it\/?attachment_id=4520\" class=\"wp-image-4520\" srcset=\"https:\/\/www.pasticciando.it\/wp-content\/uploads\/2018\/12\/La-Sachertorte-in-Vienna_8.jpg 400w, https:\/\/www.pasticciando.it\/wp-content\/uploads\/2018\/12\/La-Sachertorte-in-Vienna_8-300x209.jpg 300w\" sizes=\"auto, (max-width: 400px) 100vw, 400px\" \/><\/a><\/figure><\/li><li class=\"blocks-gallery-item\"><figure><a href=\"http:\/\/www.pasticciando.it\/wp-content\/uploads\/2018\/12\/La-Sachertorte-in-Vienna_9.jpg\"><img loading=\"lazy\" decoding=\"async\" width=\"500\" height=\"637\" src=\"http:\/\/www.pasticciando.it\/wp-content\/uploads\/2018\/12\/La-Sachertorte-in-Vienna_9.jpg\" alt=\"\" data-id=\"4524\" data-link=\"http:\/\/www.pasticciando.it\/?attachment_id=4524\" class=\"wp-image-4524\" srcset=\"https:\/\/www.pasticciando.it\/wp-content\/uploads\/2018\/12\/La-Sachertorte-in-Vienna_9.jpg 500w, https:\/\/www.pasticciando.it\/wp-content\/uploads\/2018\/12\/La-Sachertorte-in-Vienna_9-235x300.jpg 235w\" sizes=\"auto, (max-width: 500px) 100vw, 500px\" \/><\/a><\/figure><\/li><\/ul>\n\n\n\n<div class=\"wp-block-image\"><figure class=\"aligncenter\"><img loading=\"lazy\" decoding=\"async\" width=\"500\" height=\"375\" src=\"http:\/\/www.pasticciando.it\/wp-content\/uploads\/2018\/12\/La-Sachertorte-in-Vienna_7.jpg\" alt=\"\" class=\"wp-image-4525\" srcset=\"https:\/\/www.pasticciando.it\/wp-content\/uploads\/2018\/12\/La-Sachertorte-in-Vienna_7.jpg 500w, https:\/\/www.pasticciando.it\/wp-content\/uploads\/2018\/12\/La-Sachertorte-in-Vienna_7-300x225.jpg 300w\" sizes=\"auto, (max-width: 500px) 100vw, 500px\" \/><figcaption>&#8220;Degustando l&#8217;originale Sachertorte all&#8217;Hotel Sacher di Vienna. I suoi interni meravigliosi&#8221;<\/figcaption><\/figure><\/div>\n\n\n\n<div class=\"wp-block-image\"><figure class=\"alignright\"><img loading=\"lazy\" decoding=\"async\" width=\"300\" height=\"91\" src=\"http:\/\/www.pasticciando.it\/wp-content\/uploads\/2018\/12\/Pasticceria-Demel-in-Vienna_2.jpg\" alt=\"\" class=\"wp-image-4507\"\/><\/figure><\/div>\n\n\n\n<p>Vorrei spendere alcune parole sulla storica pasticceria &#8220;<strong>Demel<\/strong>&#8220;, la quale rimane a mio avviso la migliore pasticceria di tutta Vienna. Ho avuto modo di poter degustare entrambe le Sacher, quella dell&#8217;Hotel Sacher e quella di Demel, e devo ammettere che in effetti la Sacher migliore, dal mio punto di vista (ma non solo) \u00e8 quella dell&#8217;Hotel Sacher, per farcitura, consistenza e copertura. La Sacher di Demel rimane comunque un ottimo dolce ma non allo stesso livello dell&#8217;altra. <br>La differenza pi\u00f9 grande che ho potuto notare \u00e8 che nel caso di Demel la farcitura viene versata sopra la torta e quindi sotto la copertura di cioccolato, mentre nella sacher dell&#8217;Hotel Sacher \u00e8 doppia e centrale. Anche la consistenza \u00e8 differente! Se vi capita di venire a Vienna provatele entrambe per capirne qualcosa di pi\u00f9 \ud83d\ude42<\/p>\n\n\n\n<div class=\"wp-block-image\"><figure class=\"aligncenter\"><img loading=\"lazy\" decoding=\"async\" width=\"400\" height=\"272\" src=\"http:\/\/www.pasticciando.it\/wp-content\/uploads\/2018\/12\/La-Sachertorte-di-Demel-2.jpg\" alt=\"\" class=\"wp-image-4509\" srcset=\"https:\/\/www.pasticciando.it\/wp-content\/uploads\/2018\/12\/La-Sachertorte-di-Demel-2.jpg 400w, https:\/\/www.pasticciando.it\/wp-content\/uploads\/2018\/12\/La-Sachertorte-di-Demel-2-300x204.jpg 300w\" sizes=\"auto, (max-width: 400px) 100vw, 400px\" \/><\/figure><\/div>\n\n\n\n<p>Nulla togliere comunque alla pasticcera Demel, che come dicevo prima rimane a mio avviso la migliore pasticceria di tutta Vienna. Le loro torte, i loro biscotti e i cioccolatini sono semplicemente &#8220;divini&#8221;. La mia preferita \u00e8 stata la Annatorte:<br><\/p>\n\n\n\n<div class=\"wp-block-image\"><figure class=\"aligncenter\"><img loading=\"lazy\" decoding=\"async\" width=\"500\" height=\"404\" src=\"http:\/\/www.pasticciando.it\/wp-content\/uploads\/2018\/12\/Pasticceria-Demel-in-Vienna_Annatorte.jpg\" alt=\"\" class=\"wp-image-4505\" srcset=\"https:\/\/www.pasticciando.it\/wp-content\/uploads\/2018\/12\/Pasticceria-Demel-in-Vienna_Annatorte.jpg 500w, https:\/\/www.pasticciando.it\/wp-content\/uploads\/2018\/12\/Pasticceria-Demel-in-Vienna_Annatorte-300x242.jpg 300w\" sizes=\"auto, (max-width: 500px) 100vw, 500px\" \/><\/figure><\/div>\n\n\n\n<ul class=\"wp-block-gallery columns-3 is-cropped wp-block-gallery-2 is-layout-flex wp-block-gallery-is-layout-flex\"><li class=\"blocks-gallery-item\"><figure><a href=\"http:\/\/www.pasticciando.it\/wp-content\/uploads\/2018\/12\/Pasticceria-Demel-in-Vienna_1.jpg\"><img loading=\"lazy\" decoding=\"async\" width=\"400\" height=\"279\" src=\"http:\/\/www.pasticciando.it\/wp-content\/uploads\/2018\/12\/Pasticceria-Demel-in-Vienna_1.jpg\" alt=\"\" data-id=\"4510\" data-link=\"http:\/\/www.pasticciando.it\/?attachment_id=4510\" class=\"wp-image-4510\" srcset=\"https:\/\/www.pasticciando.it\/wp-content\/uploads\/2018\/12\/Pasticceria-Demel-in-Vienna_1.jpg 400w, https:\/\/www.pasticciando.it\/wp-content\/uploads\/2018\/12\/Pasticceria-Demel-in-Vienna_1-300x209.jpg 300w\" sizes=\"auto, (max-width: 400px) 100vw, 400px\" \/><\/a><\/figure><\/li><li class=\"blocks-gallery-item\"><figure><a href=\"http:\/\/www.pasticciando.it\/wp-content\/uploads\/2018\/12\/Pasticceria-Demel-in-Vienna_3.jpg\"><img loading=\"lazy\" decoding=\"async\" width=\"300\" height=\"400\" src=\"http:\/\/www.pasticciando.it\/wp-content\/uploads\/2018\/12\/Pasticceria-Demel-in-Vienna_3.jpg\" alt=\"\" data-id=\"4511\" data-link=\"http:\/\/www.pasticciando.it\/?attachment_id=4511\" class=\"wp-image-4511\" srcset=\"https:\/\/www.pasticciando.it\/wp-content\/uploads\/2018\/12\/Pasticceria-Demel-in-Vienna_3.jpg 300w, https:\/\/www.pasticciando.it\/wp-content\/uploads\/2018\/12\/Pasticceria-Demel-in-Vienna_3-225x300.jpg 225w\" sizes=\"auto, (max-width: 300px) 100vw, 300px\" \/><\/a><\/figure><\/li><li class=\"blocks-gallery-item\"><figure><a href=\"http:\/\/www.pasticciando.it\/wp-content\/uploads\/2018\/12\/Pasticceria-Demel-in-Vienna_4.jpg\"><img loading=\"lazy\" decoding=\"async\" width=\"400\" height=\"300\" src=\"http:\/\/www.pasticciando.it\/wp-content\/uploads\/2018\/12\/Pasticceria-Demel-in-Vienna_4.jpg\" alt=\"\" data-id=\"4514\" data-link=\"http:\/\/www.pasticciando.it\/?attachment_id=4514\" class=\"wp-image-4514\" srcset=\"https:\/\/www.pasticciando.it\/wp-content\/uploads\/2018\/12\/Pasticceria-Demel-in-Vienna_4.jpg 400w, https:\/\/www.pasticciando.it\/wp-content\/uploads\/2018\/12\/Pasticceria-Demel-in-Vienna_4-300x225.jpg 300w\" sizes=\"auto, (max-width: 400px) 100vw, 400px\" \/><\/a><\/figure><\/li><li class=\"blocks-gallery-item\"><figure><a href=\"http:\/\/www.pasticciando.it\/wp-content\/uploads\/2018\/12\/Pasticceria-Demel-in-Vienna_5.jpg\"><img loading=\"lazy\" decoding=\"async\" width=\"400\" height=\"300\" src=\"http:\/\/www.pasticciando.it\/wp-content\/uploads\/2018\/12\/Pasticceria-Demel-in-Vienna_5.jpg\" alt=\"\" data-id=\"4512\" data-link=\"http:\/\/www.pasticciando.it\/?attachment_id=4512\" class=\"wp-image-4512\" srcset=\"https:\/\/www.pasticciando.it\/wp-content\/uploads\/2018\/12\/Pasticceria-Demel-in-Vienna_5.jpg 400w, https:\/\/www.pasticciando.it\/wp-content\/uploads\/2018\/12\/Pasticceria-Demel-in-Vienna_5-300x225.jpg 300w\" sizes=\"auto, (max-width: 400px) 100vw, 400px\" \/><\/a><\/figure><\/li><li class=\"blocks-gallery-item\"><figure><a href=\"http:\/\/www.pasticciando.it\/wp-content\/uploads\/2018\/12\/Pasticceria-Demel-in-Vienna_6.jpg\"><img loading=\"lazy\" decoding=\"async\" width=\"300\" height=\"225\" src=\"http:\/\/www.pasticciando.it\/wp-content\/uploads\/2018\/12\/Pasticceria-Demel-in-Vienna_6.jpg\" alt=\"\" data-id=\"4513\" data-link=\"http:\/\/www.pasticciando.it\/?attachment_id=4513\" class=\"wp-image-4513\"\/><\/a><\/figure><\/li><li class=\"blocks-gallery-item\"><figure><a href=\"http:\/\/www.pasticciando.it\/wp-content\/uploads\/2018\/12\/Pasticceria-Demel-in-Vienna_7.jpg\"><img loading=\"lazy\" decoding=\"async\" width=\"400\" height=\"263\" src=\"http:\/\/www.pasticciando.it\/wp-content\/uploads\/2018\/12\/Pasticceria-Demel-in-Vienna_7.jpg\" alt=\"\" data-id=\"4515\" data-link=\"http:\/\/www.pasticciando.it\/?attachment_id=4515\" class=\"wp-image-4515\" srcset=\"https:\/\/www.pasticciando.it\/wp-content\/uploads\/2018\/12\/Pasticceria-Demel-in-Vienna_7.jpg 400w, https:\/\/www.pasticciando.it\/wp-content\/uploads\/2018\/12\/Pasticceria-Demel-in-Vienna_7-300x197.jpg 300w\" sizes=\"auto, (max-width: 400px) 100vw, 400px\" \/><\/a><\/figure><\/li><\/ul>\n\n\n\n<p>Da Demel avrete l&#8217;opportunit\u00e0 di vedere dal vivo i pasticceri professionisti. Il laboratorio \u00e8 diviso dalla clientela da delle lastre di vetro e al suo interno potrete ammirare l&#8217;operosit\u00e0 dei Maestri.<\/p>\n\n\n\n<p>Concludo il mio articolo ricordandovi che il 5 Dicembre \u00e8 il National Sachertorte Day in Austria, quindi se vi capita di visitare Vienna in questo periodo, assicuratevi di far visita all&#8217;Hotel Sacher per assaggiare una fetta di questo glorioso ed acclamato dolce.<\/p>\n\n\n\n<blockquote class=\"wp-block-quote is-layout-flow wp-block-quote-is-layout-flow\"><p><em>&#8220;Il segreto: versare la glassa alla giusta temperatura con un movimento &#8220;swing&#8221; sulla torta.&#8221;<\/em><\/p><\/blockquote>\n\n\n\n<p><br><\/p>\n<div class=\"pvc_clear\"><\/div><p id=\"pvc_stats_4474\" class=\"pvc_stats all  \" data-element-id=\"4474\" style=\"\"><i class=\"pvc-stats-icon small\" aria-hidden=\"true\"><svg aria-hidden=\"true\" focusable=\"false\" data-prefix=\"far\" data-icon=\"chart-bar\" role=\"img\" xmlns=\"http:\/\/www.w3.org\/2000\/svg\" viewBox=\"0 0 512 512\" class=\"svg-inline--fa fa-chart-bar fa-w-16 fa-2x\"><path fill=\"currentColor\" d=\"M396.8 352h22.4c6.4 0 12.8-6.4 12.8-12.8V108.8c0-6.4-6.4-12.8-12.8-12.8h-22.4c-6.4 0-12.8 6.4-12.8 12.8v230.4c0 6.4 6.4 12.8 12.8 12.8zm-192 0h22.4c6.4 0 12.8-6.4 12.8-12.8V140.8c0-6.4-6.4-12.8-12.8-12.8h-22.4c-6.4 0-12.8 6.4-12.8 12.8v198.4c0 6.4 6.4 12.8 12.8 12.8zm96 0h22.4c6.4 0 12.8-6.4 12.8-12.8V204.8c0-6.4-6.4-12.8-12.8-12.8h-22.4c-6.4 0-12.8 6.4-12.8 12.8v134.4c0 6.4 6.4 12.8 12.8 12.8zM496 400H48V80c0-8.84-7.16-16-16-16H16C7.16 64 0 71.16 0 80v336c0 17.67 14.33 32 32 32h464c8.84 0 16-7.16 16-16v-16c0-8.84-7.16-16-16-16zm-387.2-48h22.4c6.4 0 12.8-6.4 12.8-12.8v-70.4c0-6.4-6.4-12.8-12.8-12.8h-22.4c-6.4 0-12.8 6.4-12.8 12.8v70.4c0 6.4 6.4 12.8 12.8 12.8z\" class=\"\"><\/path><\/svg><\/i> <img loading=\"lazy\" decoding=\"async\" width=\"16\" height=\"16\" alt=\"Loading\" src=\"https:\/\/www.pasticciando.it\/wp-content\/plugins\/page-views-count\/ajax-loader-2x.gif\" border=0 \/><\/p><div class=\"pvc_clear\"><\/div><div class=\"pdfprnt-buttons pdfprnt-buttons-post pdfprnt-bottom-right\"><a href=\"https:\/\/www.pasticciando.it\/index.php?rest_route=%2Fwp%2Fv2%2Fposts%2F4474&print=pdf\" class=\"pdfprnt-button pdfprnt-button-pdf\" target=\"_blank\" ><img decoding=\"async\" src=\"https:\/\/www.pasticciando.it\/wp-content\/plugins\/pdf-print\/images\/pdf.png\" alt=\"image_pdf\" title=\"Visualizza PDF\" \/><\/a><a href=\"https:\/\/www.pasticciando.it\/index.php?rest_route=%2Fwp%2Fv2%2Fposts%2F4474&print=print\" class=\"pdfprnt-button pdfprnt-button-print\" target=\"_blank\" ><img decoding=\"async\" src=\"https:\/\/www.pasticciando.it\/wp-content\/plugins\/pdf-print\/images\/print.png\" alt=\"image_print\" title=\"Stampa contenuto\" \/><\/a><\/div>","protected":false},"excerpt":{"rendered":"<p>Era la prima volta che visitavo Vienna e devo dire che sono rimasto affascinato dall&#8217;atmosfera che si respira e dalla tanta bellezza che la sua storia, con la sua arte e la sua cultura, avvolge la capitale austriaca. Anche per quest&#8217;anno la nostra tappa invernale ci ha portato a scegliere una fredda capitale europea. Il&nbsp;&hellip;<\/p>\n<div class=\"pvc_clear\"><\/div>\n<p id=\"pvc_stats_4474\" class=\"pvc_stats all  \" data-element-id=\"4474\" style=\"\"><i class=\"pvc-stats-icon small\" aria-hidden=\"true\"><svg aria-hidden=\"true\" focusable=\"false\" data-prefix=\"far\" data-icon=\"chart-bar\" role=\"img\" xmlns=\"http:\/\/www.w3.org\/2000\/svg\" viewBox=\"0 0 512 512\" class=\"svg-inline--fa fa-chart-bar fa-w-16 fa-2x\"><path fill=\"currentColor\" d=\"M396.8 352h22.4c6.4 0 12.8-6.4 12.8-12.8V108.8c0-6.4-6.4-12.8-12.8-12.8h-22.4c-6.4 0-12.8 6.4-12.8 12.8v230.4c0 6.4 6.4 12.8 12.8 12.8zm-192 0h22.4c6.4 0 12.8-6.4 12.8-12.8V140.8c0-6.4-6.4-12.8-12.8-12.8h-22.4c-6.4 0-12.8 6.4-12.8 12.8v198.4c0 6.4 6.4 12.8 12.8 12.8zm96 0h22.4c6.4 0 12.8-6.4 12.8-12.8V204.8c0-6.4-6.4-12.8-12.8-12.8h-22.4c-6.4 0-12.8 6.4-12.8 12.8v134.4c0 6.4 6.4 12.8 12.8 12.8zM496 400H48V80c0-8.84-7.16-16-16-16H16C7.16 64 0 71.16 0 80v336c0 17.67 14.33 32 32 32h464c8.84 0 16-7.16 16-16v-16c0-8.84-7.16-16-16-16zm-387.2-48h22.4c6.4 0 12.8-6.4 12.8-12.8v-70.4c0-6.4-6.4-12.8-12.8-12.8h-22.4c-6.4 0-12.8 6.4-12.8 12.8v70.4c0 6.4 6.4 12.8 12.8 12.8z\" class=\"\"><\/path><\/svg><\/i> <img loading=\"lazy\" decoding=\"async\" width=\"16\" height=\"16\" alt=\"Loading\" src=\"https:\/\/www.pasticciando.it\/wp-content\/plugins\/page-views-count\/ajax-loader-2x.gif\" border=0 \/><\/p>\n<div class=\"pvc_clear\"><\/div>\n","protected":false},"author":1,"featured_media":4499,"comment_status":"closed","ping_status":"closed","sticky":false,"template":"","format":"standard","meta":{"footnotes":""},"categories":[7],"tags":[],"class_list":["post-4474","post","type-post","status-publish","format-standard","has-post-thumbnail","hentry","category-curiosita"],"yoast_head":"<!-- This site is optimized with the Yoast SEO plugin v26.6 - https:\/\/yoast.com\/wordpress\/plugins\/seo\/ -->\n<title>Visitando la magica Vienna alla scoperta della Sachertorte e dello Strudel - PASTICCIANDO.IT<\/title>\n<meta name=\"robots\" content=\"index, follow, max-snippet:-1, max-image-preview:large, max-video-preview:-1\" \/>\n<link rel=\"canonical\" href=\"https:\/\/www.pasticciando.it\/?p=4474\" \/>\n<meta property=\"og:locale\" content=\"it_IT\" \/>\n<meta property=\"og:type\" content=\"article\" \/>\n<meta property=\"og:title\" content=\"Visitando la magica Vienna alla scoperta della Sachertorte e dello Strudel - PASTICCIANDO.IT\" \/>\n<meta property=\"og:description\" content=\"Era la prima volta che visitavo Vienna e devo dire che sono rimasto affascinato dall&#8217;atmosfera che si respira e dalla tanta bellezza che la sua storia, con la sua arte e la sua cultura, avvolge la capitale austriaca. Anche per quest&#8217;anno la nostra tappa invernale ci ha portato a scegliere una fredda capitale europea. Il&nbsp;&hellip;\" \/>\n<meta property=\"og:url\" content=\"https:\/\/www.pasticciando.it\/?p=4474\" \/>\n<meta property=\"og:site_name\" content=\"PASTICCIANDO.IT\" \/>\n<meta property=\"article:publisher\" content=\"https:\/\/www.facebook.com\/pasticciandoconcharles\" \/>\n<meta property=\"article:author\" content=\"https:\/\/www.facebook.com\/pasticciandoconcharles\" \/>\n<meta property=\"article:published_time\" content=\"2018-12-10T20:45:51+00:00\" \/>\n<meta property=\"article:modified_time\" content=\"2018-12-10T21:09:21+00:00\" \/>\n<meta property=\"og:image\" content=\"https:\/\/www.pasticciando.it\/wp-content\/uploads\/2018\/12\/Wien-Christmas-Market-2018.jpg\" \/>\n\t<meta property=\"og:image:width\" content=\"529\" \/>\n\t<meta property=\"og:image:height\" content=\"263\" \/>\n\t<meta property=\"og:image:type\" content=\"image\/jpeg\" \/>\n<meta name=\"author\" content=\"Charles\" \/>\n<meta name=\"twitter:card\" content=\"summary_large_image\" \/>\n<meta name=\"twitter:label1\" content=\"Scritto da\" \/>\n\t<meta name=\"twitter:data1\" content=\"Charles\" \/>\n\t<meta name=\"twitter:label2\" content=\"Tempo di lettura stimato\" \/>\n\t<meta name=\"twitter:data2\" content=\"7 minuti\" \/>\n<script type=\"application\/ld+json\" class=\"yoast-schema-graph\">{\"@context\":\"https:\/\/schema.org\",\"@graph\":[{\"@type\":\"Article\",\"@id\":\"https:\/\/www.pasticciando.it\/?p=4474#article\",\"isPartOf\":{\"@id\":\"https:\/\/www.pasticciando.it\/?p=4474\"},\"author\":{\"name\":\"Charles\",\"@id\":\"https:\/\/www.pasticciando.it\/#\/schema\/person\/cf7b2f448e4b04d3bb72f7c278d9e5d6\"},\"headline\":\"Visitando la magica Vienna alla scoperta della Sachertorte e dello Strudel\",\"datePublished\":\"2018-12-10T20:45:51+00:00\",\"dateModified\":\"2018-12-10T21:09:21+00:00\",\"mainEntityOfPage\":{\"@id\":\"https:\/\/www.pasticciando.it\/?p=4474\"},\"wordCount\":1474,\"publisher\":{\"@id\":\"https:\/\/www.pasticciando.it\/#\/schema\/person\/cf7b2f448e4b04d3bb72f7c278d9e5d6\"},\"image\":{\"@id\":\"https:\/\/www.pasticciando.it\/?p=4474#primaryimage\"},\"thumbnailUrl\":\"https:\/\/www.pasticciando.it\/wp-content\/uploads\/2018\/12\/Wien-Christmas-Market-2018.jpg\",\"articleSection\":[\"Curiosit\u00e0\"],\"inLanguage\":\"it-IT\"},{\"@type\":\"WebPage\",\"@id\":\"https:\/\/www.pasticciando.it\/?p=4474\",\"url\":\"https:\/\/www.pasticciando.it\/?p=4474\",\"name\":\"Visitando la magica Vienna alla scoperta della Sachertorte e dello Strudel - PASTICCIANDO.IT\",\"isPartOf\":{\"@id\":\"https:\/\/www.pasticciando.it\/#website\"},\"primaryImageOfPage\":{\"@id\":\"https:\/\/www.pasticciando.it\/?p=4474#primaryimage\"},\"image\":{\"@id\":\"https:\/\/www.pasticciando.it\/?p=4474#primaryimage\"},\"thumbnailUrl\":\"https:\/\/www.pasticciando.it\/wp-content\/uploads\/2018\/12\/Wien-Christmas-Market-2018.jpg\",\"datePublished\":\"2018-12-10T20:45:51+00:00\",\"dateModified\":\"2018-12-10T21:09:21+00:00\",\"breadcrumb\":{\"@id\":\"https:\/\/www.pasticciando.it\/?p=4474#breadcrumb\"},\"inLanguage\":\"it-IT\",\"potentialAction\":[{\"@type\":\"ReadAction\",\"target\":[\"https:\/\/www.pasticciando.it\/?p=4474\"]}]},{\"@type\":\"ImageObject\",\"inLanguage\":\"it-IT\",\"@id\":\"https:\/\/www.pasticciando.it\/?p=4474#primaryimage\",\"url\":\"https:\/\/www.pasticciando.it\/wp-content\/uploads\/2018\/12\/Wien-Christmas-Market-2018.jpg\",\"contentUrl\":\"https:\/\/www.pasticciando.it\/wp-content\/uploads\/2018\/12\/Wien-Christmas-Market-2018.jpg\",\"width\":529,\"height\":263},{\"@type\":\"BreadcrumbList\",\"@id\":\"https:\/\/www.pasticciando.it\/?p=4474#breadcrumb\",\"itemListElement\":[{\"@type\":\"ListItem\",\"position\":1,\"name\":\"Home\",\"item\":\"https:\/\/www.pasticciando.it\/\"},{\"@type\":\"ListItem\",\"position\":2,\"name\":\"Visitando la magica Vienna alla scoperta della Sachertorte e dello Strudel\"}]},{\"@type\":\"WebSite\",\"@id\":\"https:\/\/www.pasticciando.it\/#website\",\"url\":\"https:\/\/www.pasticciando.it\/\",\"name\":\"PASTICCIANDO.IT\",\"description\":\"La vita \u00e8 un pasticcio... e non \u00e8 mai stata cos\u00ec dolce!\",\"publisher\":{\"@id\":\"https:\/\/www.pasticciando.it\/#\/schema\/person\/cf7b2f448e4b04d3bb72f7c278d9e5d6\"},\"potentialAction\":[{\"@type\":\"SearchAction\",\"target\":{\"@type\":\"EntryPoint\",\"urlTemplate\":\"https:\/\/www.pasticciando.it\/?s={search_term_string}\"},\"query-input\":{\"@type\":\"PropertyValueSpecification\",\"valueRequired\":true,\"valueName\":\"search_term_string\"}}],\"inLanguage\":\"it-IT\"},{\"@type\":[\"Person\",\"Organization\"],\"@id\":\"https:\/\/www.pasticciando.it\/#\/schema\/person\/cf7b2f448e4b04d3bb72f7c278d9e5d6\",\"name\":\"Charles\",\"image\":{\"@type\":\"ImageObject\",\"inLanguage\":\"it-IT\",\"@id\":\"https:\/\/www.pasticciando.it\/#\/schema\/person\/image\/\",\"url\":\"http:\/\/www.pasticciando.it\/wp-content\/uploads\/2017\/03\/Logo-Pasticciando-144px.png\",\"contentUrl\":\"http:\/\/www.pasticciando.it\/wp-content\/uploads\/2017\/03\/Logo-Pasticciando-144px.png\",\"width\":144,\"height\":128,\"caption\":\"Charles\"},\"logo\":{\"@id\":\"https:\/\/www.pasticciando.it\/#\/schema\/person\/image\/\"},\"sameAs\":[\"http:\/\/www.pasticciando.it\",\"https:\/\/www.facebook.com\/pasticciandoconcharles\",\"https:\/\/www.instagram.com\/pasticciando.it\/\"],\"url\":\"https:\/\/www.pasticciando.it\/?author=1\"}]}<\/script>\n<!-- \/ Yoast SEO plugin. -->","yoast_head_json":{"title":"Visitando la magica Vienna alla scoperta della Sachertorte e dello Strudel - PASTICCIANDO.IT","robots":{"index":"index","follow":"follow","max-snippet":"max-snippet:-1","max-image-preview":"max-image-preview:large","max-video-preview":"max-video-preview:-1"},"canonical":"https:\/\/www.pasticciando.it\/?p=4474","og_locale":"it_IT","og_type":"article","og_title":"Visitando la magica Vienna alla scoperta della Sachertorte e dello Strudel - PASTICCIANDO.IT","og_description":"Era la prima volta che visitavo Vienna e devo dire che sono rimasto affascinato dall&#8217;atmosfera che si respira e dalla tanta bellezza che la sua storia, con la sua arte e la sua cultura, avvolge la capitale austriaca. Anche per quest&#8217;anno la nostra tappa invernale ci ha portato a scegliere una fredda capitale europea. Il&nbsp;&hellip;","og_url":"https:\/\/www.pasticciando.it\/?p=4474","og_site_name":"PASTICCIANDO.IT","article_publisher":"https:\/\/www.facebook.com\/pasticciandoconcharles","article_author":"https:\/\/www.facebook.com\/pasticciandoconcharles","article_published_time":"2018-12-10T20:45:51+00:00","article_modified_time":"2018-12-10T21:09:21+00:00","og_image":[{"width":529,"height":263,"url":"https:\/\/www.pasticciando.it\/wp-content\/uploads\/2018\/12\/Wien-Christmas-Market-2018.jpg","type":"image\/jpeg"}],"author":"Charles","twitter_card":"summary_large_image","twitter_misc":{"Scritto da":"Charles","Tempo di lettura stimato":"7 minuti"},"schema":{"@context":"https:\/\/schema.org","@graph":[{"@type":"Article","@id":"https:\/\/www.pasticciando.it\/?p=4474#article","isPartOf":{"@id":"https:\/\/www.pasticciando.it\/?p=4474"},"author":{"name":"Charles","@id":"https:\/\/www.pasticciando.it\/#\/schema\/person\/cf7b2f448e4b04d3bb72f7c278d9e5d6"},"headline":"Visitando la magica Vienna alla scoperta della Sachertorte e dello Strudel","datePublished":"2018-12-10T20:45:51+00:00","dateModified":"2018-12-10T21:09:21+00:00","mainEntityOfPage":{"@id":"https:\/\/www.pasticciando.it\/?p=4474"},"wordCount":1474,"publisher":{"@id":"https:\/\/www.pasticciando.it\/#\/schema\/person\/cf7b2f448e4b04d3bb72f7c278d9e5d6"},"image":{"@id":"https:\/\/www.pasticciando.it\/?p=4474#primaryimage"},"thumbnailUrl":"https:\/\/www.pasticciando.it\/wp-content\/uploads\/2018\/12\/Wien-Christmas-Market-2018.jpg","articleSection":["Curiosit\u00e0"],"inLanguage":"it-IT"},{"@type":"WebPage","@id":"https:\/\/www.pasticciando.it\/?p=4474","url":"https:\/\/www.pasticciando.it\/?p=4474","name":"Visitando la magica Vienna alla scoperta della Sachertorte e dello Strudel - PASTICCIANDO.IT","isPartOf":{"@id":"https:\/\/www.pasticciando.it\/#website"},"primaryImageOfPage":{"@id":"https:\/\/www.pasticciando.it\/?p=4474#primaryimage"},"image":{"@id":"https:\/\/www.pasticciando.it\/?p=4474#primaryimage"},"thumbnailUrl":"https:\/\/www.pasticciando.it\/wp-content\/uploads\/2018\/12\/Wien-Christmas-Market-2018.jpg","datePublished":"2018-12-10T20:45:51+00:00","dateModified":"2018-12-10T21:09:21+00:00","breadcrumb":{"@id":"https:\/\/www.pasticciando.it\/?p=4474#breadcrumb"},"inLanguage":"it-IT","potentialAction":[{"@type":"ReadAction","target":["https:\/\/www.pasticciando.it\/?p=4474"]}]},{"@type":"ImageObject","inLanguage":"it-IT","@id":"https:\/\/www.pasticciando.it\/?p=4474#primaryimage","url":"https:\/\/www.pasticciando.it\/wp-content\/uploads\/2018\/12\/Wien-Christmas-Market-2018.jpg","contentUrl":"https:\/\/www.pasticciando.it\/wp-content\/uploads\/2018\/12\/Wien-Christmas-Market-2018.jpg","width":529,"height":263},{"@type":"BreadcrumbList","@id":"https:\/\/www.pasticciando.it\/?p=4474#breadcrumb","itemListElement":[{"@type":"ListItem","position":1,"name":"Home","item":"https:\/\/www.pasticciando.it\/"},{"@type":"ListItem","position":2,"name":"Visitando la magica Vienna alla scoperta della Sachertorte e dello Strudel"}]},{"@type":"WebSite","@id":"https:\/\/www.pasticciando.it\/#website","url":"https:\/\/www.pasticciando.it\/","name":"PASTICCIANDO.IT","description":"La vita \u00e8 un pasticcio... e non \u00e8 mai stata cos\u00ec dolce!","publisher":{"@id":"https:\/\/www.pasticciando.it\/#\/schema\/person\/cf7b2f448e4b04d3bb72f7c278d9e5d6"},"potentialAction":[{"@type":"SearchAction","target":{"@type":"EntryPoint","urlTemplate":"https:\/\/www.pasticciando.it\/?s={search_term_string}"},"query-input":{"@type":"PropertyValueSpecification","valueRequired":true,"valueName":"search_term_string"}}],"inLanguage":"it-IT"},{"@type":["Person","Organization"],"@id":"https:\/\/www.pasticciando.it\/#\/schema\/person\/cf7b2f448e4b04d3bb72f7c278d9e5d6","name":"Charles","image":{"@type":"ImageObject","inLanguage":"it-IT","@id":"https:\/\/www.pasticciando.it\/#\/schema\/person\/image\/","url":"http:\/\/www.pasticciando.it\/wp-content\/uploads\/2017\/03\/Logo-Pasticciando-144px.png","contentUrl":"http:\/\/www.pasticciando.it\/wp-content\/uploads\/2017\/03\/Logo-Pasticciando-144px.png","width":144,"height":128,"caption":"Charles"},"logo":{"@id":"https:\/\/www.pasticciando.it\/#\/schema\/person\/image\/"},"sameAs":["http:\/\/www.pasticciando.it","https:\/\/www.facebook.com\/pasticciandoconcharles","https:\/\/www.instagram.com\/pasticciando.it\/"],"url":"https:\/\/www.pasticciando.it\/?author=1"}]}},"_links":{"self":[{"href":"https:\/\/www.pasticciando.it\/index.php?rest_route=\/wp\/v2\/posts\/4474","targetHints":{"allow":["GET"]}}],"collection":[{"href":"https:\/\/www.pasticciando.it\/index.php?rest_route=\/wp\/v2\/posts"}],"about":[{"href":"https:\/\/www.pasticciando.it\/index.php?rest_route=\/wp\/v2\/types\/post"}],"author":[{"embeddable":true,"href":"https:\/\/www.pasticciando.it\/index.php?rest_route=\/wp\/v2\/users\/1"}],"replies":[{"embeddable":true,"href":"https:\/\/www.pasticciando.it\/index.php?rest_route=%2Fwp%2Fv2%2Fcomments&post=4474"}],"version-history":[{"count":24,"href":"https:\/\/www.pasticciando.it\/index.php?rest_route=\/wp\/v2\/posts\/4474\/revisions"}],"predecessor-version":[{"id":4530,"href":"https:\/\/www.pasticciando.it\/index.php?rest_route=\/wp\/v2\/posts\/4474\/revisions\/4530"}],"wp:featuredmedia":[{"embeddable":true,"href":"https:\/\/www.pasticciando.it\/index.php?rest_route=\/wp\/v2\/media\/4499"}],"wp:attachment":[{"href":"https:\/\/www.pasticciando.it\/index.php?rest_route=%2Fwp%2Fv2%2Fmedia&parent=4474"}],"wp:term":[{"taxonomy":"category","embeddable":true,"href":"https:\/\/www.pasticciando.it\/index.php?rest_route=%2Fwp%2Fv2%2Fcategories&post=4474"},{"taxonomy":"post_tag","embeddable":true,"href":"https:\/\/www.pasticciando.it\/index.php?rest_route=%2Fwp%2Fv2%2Ftags&post=4474"}],"curies":[{"name":"wp","href":"https:\/\/api.w.org\/{rel}","templated":true}]}}